{"id":2758,"date":"2025-12-09T15:20:27","date_gmt":"2025-12-09T15:20:27","guid":{"rendered":"https:\/\/ententecordialeday.org\/?p=2758"},"modified":"2025-12-22T13:10:50","modified_gmt":"2025-12-22T13:10:50","slug":"planning-the-2025-2026-edition-of-entente-cordiale-day-at-the-ecole-militaire","status":"publish","type":"post","link":"https:\/\/ententecordialeday.org\/fr\/2025\/12\/09\/planning-the-2025-2026-edition-of-entente-cordiale-day-at-the-ecole-militaire\/","title":{"rendered":"Planification de l'\u00e9dition 2025\/2026 de la Journ\u00e9e de l'Entente Cordiale \u00e0 l'\u00c9cole Militaire"},"content":{"rendered":"<p style=\"text-align: left;\"><span style=\"font-weight: 400;\">O<\/span><span style=\"font-weight: 400;\">Le 7 novembre 2025, le pr\u00e9sident fondateur, Yves Djimi, ainsi que le co-pr\u00e9sident<\/span><span style=\"font-weight: 400;\">Les r\u00e9sidentes Martha Leszczinski et Clara Chevalier se sont rencontr\u00e9es \u00e0 l'\u00c9cole Militaire w<\/span><span style=\"font-family: -apple-system, BlinkMacSystemFont, 'Segoe UI', Roboto, 'Helvetica Neue', Arial, 'Noto Sans', sans-serif, 'Apple Color Emoji', 'Segoe UI Emoji', 'Segoe UI Symbol', 'Noto Color Emoji';\">avec le g\u00e9n\u00e9ral Didier Oustric et son \u00e9quipe afin de discuter de la planification logistique et de l'organisation de l'\u00e9dition 2025\/2026 du concours. Organis\u00e9e au sein de l'une des institutions militaires les plus prestigieuses de France, cette r\u00e9union a permis de coordonner les aspects op\u00e9rationnels, p\u00e9dagogiques et protocolaires de la prochaine \u00e9dition.\u00a0<\/span><\/p>\n<p style=\"text-align: left;\"><span style=\"font-weight: 400;\">La c\u00e9r\u00e9monie d'ouverture devant se d\u00e9rouler \u00e0 la fois \u00e0 l'\u00c9cole militaire et aux Invalides, les pr\u00e9paratifs ouvrent d\u00e9j\u00e0 la voie \u00e0 un programme m\u00e9morable et ambitieux.\u00a0<\/span><\/p>\n<p style=\"text-align: left;\"><span style=\"font-weight: 400;\">Cette r\u00e9union a marqu\u00e9 une \u00e9tape importante dans le d\u00e9veloppement de la nouvelle \u00e9dition, confirmant l'engagement commun de tous les partenaires \u00e0 offrir une exp\u00e9rience exceptionnelle aux \u00e9tudiants participants - une exp\u00e9rience qui refl\u00e8te l'importance historique des deux sites et les valeurs des relations franco-britanniques au c\u0153ur de l'initiative de la Journ\u00e9e de l'Entente Cordiale.<\/span><\/p>","protected":false},"excerpt":{"rendered":"<p>On 7 November 2025, the Founding President, Yves Djimi, together with the Co-Presidents, Martha Leszczinski and Clara Chevalier, met at the \u00c9cole Militaire with G\u00e9n\u00e9ral Didier Oustric and his team to discuss the logistical planning and organisation of the 2025\/2026 edition of the competition. Held within one of France\u2019s most prestigious military institutions, the meeting [&hellip;]<\/p>\n","protected":false},"author":1,"featured_media":2759,"comment_status":"open","ping_status":"open","sticky":false,"template":"","format":"standard","meta":{"_acf_changed":false,"footnotes":""},"categories":[10],"tags":[],"class_list":["post-2758","post","type-post","status-publish","format-standard","has-post-thumbnail","hentry","category-news"],"acf":[],"yoast_head":"<!-- This site is optimized with the Yoast SEO plugin v27.4 - https:\/\/yoast.com\/product\/yoast-seo-wordpress\/ -->\n<title>Planning the 2025\/2026 Edition of Entente Cordiale Day at the \u00c9cole Militaire - Entente Cordiale Day University Challenge<\/title>\n<meta name=\"robots\" content=\"index, follow, max-snippet:-1, max-image-preview:large, max-video-preview:-1\" \/>\n<link rel=\"canonical\" href=\"https:\/\/ententecordialeday.org\/fr\/2025\/12\/09\/planning-the-2025-2026-edition-of-entente-cordiale-day-at-the-ecole-militaire\/\" \/>\n<meta property=\"og:locale\" content=\"fr_FR\" \/>\n<meta property=\"og:type\" content=\"article\" \/>\n<meta property=\"og:title\" content=\"Planning the 2025\/2026 Edition of Entente Cordiale Day at the \u00c9cole Militaire - Entente Cordiale Day University Challenge\" \/>\n<meta property=\"og:description\" content=\"On 7 November 2025, the Founding President, Yves Djimi, together with the Co-Presidents, Martha Leszczinski and Clara Chevalier, met at the \u00c9cole Militaire with G\u00e9n\u00e9ral Didier Oustric and his team to discuss the logistical planning and organisation of the 2025\/2026 edition of the competition. Held within one of France\u2019s most prestigious military institutions, the meeting [&hellip;]\" \/>\n<meta property=\"og:url\" content=\"https:\/\/ententecordialeday.org\/fr\/2025\/12\/09\/planning-the-2025-2026-edition-of-entente-cordiale-day-at-the-ecole-militaire\/\" \/>\n<meta property=\"og:site_name\" content=\"Entente Cordiale Day University Challenge\" \/>\n<meta property=\"article:published_time\" content=\"2025-12-09T15:20:27+00:00\" \/>\n<meta property=\"article:modified_time\" content=\"2025-12-22T13:10:50+00:00\" \/>\n<meta property=\"og:image\" content=\"https:\/\/ententecordialeday.org\/wp-content\/uploads\/2025\/12\/Capture-decran-2025-12-09-a-16.18.55-e1766409036420.png\" \/>\n\t<meta property=\"og:image:width\" content=\"893\" \/>\n\t<meta property=\"og:image:height\" content=\"1192\" \/>\n\t<meta property=\"og:image:type\" content=\"image\/png\" \/>\n<meta name=\"author\" content=\"dev\" \/>\n<meta name=\"twitter:card\" content=\"summary_large_image\" \/>\n<meta name=\"twitter:label1\" content=\"\u00c9crit par\" \/>\n\t<meta name=\"twitter:data1\" content=\"dev\" \/>\n\t<meta name=\"twitter:label2\" content=\"Dur\u00e9e de lecture estim\u00e9e\" \/>\n\t<meta name=\"twitter:data2\" content=\"1 minute\" \/>\n<script type=\"application\/ld+json\" class=\"yoast-schema-graph\">{\"@context\":\"https:\\\/\\\/schema.org\",\"@graph\":[{\"@type\":\"Article\",\"@id\":\"https:\\\/\\\/ententecordialeday.org\\\/2025\\\/12\\\/09\\\/planning-the-2025-2026-edition-of-entente-cordiale-day-at-the-ecole-militaire\\\/#article\",\"isPartOf\":{\"@id\":\"https:\\\/\\\/ententecordialeday.org\\\/2025\\\/12\\\/09\\\/planning-the-2025-2026-edition-of-entente-cordiale-day-at-the-ecole-militaire\\\/\"},\"author\":{\"name\":\"dev\",\"@id\":\"https:\\\/\\\/ententecordialeday.org\\\/#\\\/schema\\\/person\\\/f404cc027262cf5efeb8ae1f95784c64\"},\"headline\":\"Planning the 2025\\\/2026 Edition of Entente Cordiale Day at the \u00c9cole Militaire\",\"datePublished\":\"2025-12-09T15:20:27+00:00\",\"dateModified\":\"2025-12-22T13:10:50+00:00\",\"mainEntityOfPage\":{\"@id\":\"https:\\\/\\\/ententecordialeday.org\\\/2025\\\/12\\\/09\\\/planning-the-2025-2026-edition-of-entente-cordiale-day-at-the-ecole-militaire\\\/\"},\"wordCount\":164,\"commentCount\":0,\"publisher\":{\"@id\":\"https:\\\/\\\/ententecordialeday.org\\\/#organization\"},\"image\":{\"@id\":\"https:\\\/\\\/ententecordialeday.org\\\/2025\\\/12\\\/09\\\/planning-the-2025-2026-edition-of-entente-cordiale-day-at-the-ecole-militaire\\\/#primaryimage\"},\"thumbnailUrl\":\"https:\\\/\\\/ententecordialeday.org\\\/wp-content\\\/uploads\\\/2025\\\/12\\\/Capture-decran-2025-12-09-a-16.18.55-e1766409036420.png\",\"articleSection\":[\"News\"],\"inLanguage\":\"fr-FR\",\"potentialAction\":[{\"@type\":\"CommentAction\",\"name\":\"Comment\",\"target\":[\"https:\\\/\\\/ententecordialeday.org\\\/2025\\\/12\\\/09\\\/planning-the-2025-2026-edition-of-entente-cordiale-day-at-the-ecole-militaire\\\/#respond\"]}]},{\"@type\":\"WebPage\",\"@id\":\"https:\\\/\\\/ententecordialeday.org\\\/2025\\\/12\\\/09\\\/planning-the-2025-2026-edition-of-entente-cordiale-day-at-the-ecole-militaire\\\/\",\"url\":\"https:\\\/\\\/ententecordialeday.org\\\/2025\\\/12\\\/09\\\/planning-the-2025-2026-edition-of-entente-cordiale-day-at-the-ecole-militaire\\\/\",\"name\":\"Planning the 2025\\\/2026 Edition of Entente Cordiale Day at the \u00c9cole Militaire - Entente Cordiale Day University Challenge\",\"isPartOf\":{\"@id\":\"https:\\\/\\\/ententecordialeday.org\\\/#website\"},\"primaryImageOfPage\":{\"@id\":\"https:\\\/\\\/ententecordialeday.org\\\/2025\\\/12\\\/09\\\/planning-the-2025-2026-edition-of-entente-cordiale-day-at-the-ecole-militaire\\\/#primaryimage\"},\"image\":{\"@id\":\"https:\\\/\\\/ententecordialeday.org\\\/2025\\\/12\\\/09\\\/planning-the-2025-2026-edition-of-entente-cordiale-day-at-the-ecole-militaire\\\/#primaryimage\"},\"thumbnailUrl\":\"https:\\\/\\\/ententecordialeday.org\\\/wp-content\\\/uploads\\\/2025\\\/12\\\/Capture-decran-2025-12-09-a-16.18.55-e1766409036420.png\",\"datePublished\":\"2025-12-09T15:20:27+00:00\",\"dateModified\":\"2025-12-22T13:10:50+00:00\",\"breadcrumb\":{\"@id\":\"https:\\\/\\\/ententecordialeday.org\\\/2025\\\/12\\\/09\\\/planning-the-2025-2026-edition-of-entente-cordiale-day-at-the-ecole-militaire\\\/#breadcrumb\"},\"inLanguage\":\"fr-FR\",\"potentialAction\":[{\"@type\":\"ReadAction\",\"target\":[\"https:\\\/\\\/ententecordialeday.org\\\/2025\\\/12\\\/09\\\/planning-the-2025-2026-edition-of-entente-cordiale-day-at-the-ecole-militaire\\\/\"]}]},{\"@type\":\"ImageObject\",\"inLanguage\":\"fr-FR\",\"@id\":\"https:\\\/\\\/ententecordialeday.org\\\/2025\\\/12\\\/09\\\/planning-the-2025-2026-edition-of-entente-cordiale-day-at-the-ecole-militaire\\\/#primaryimage\",\"url\":\"https:\\\/\\\/ententecordialeday.org\\\/wp-content\\\/uploads\\\/2025\\\/12\\\/Capture-decran-2025-12-09-a-16.18.55-e1766409036420.png\",\"contentUrl\":\"https:\\\/\\\/ententecordialeday.org\\\/wp-content\\\/uploads\\\/2025\\\/12\\\/Capture-decran-2025-12-09-a-16.18.55-e1766409036420.png\",\"width\":893,\"height\":1192},{\"@type\":\"BreadcrumbList\",\"@id\":\"https:\\\/\\\/ententecordialeday.org\\\/2025\\\/12\\\/09\\\/planning-the-2025-2026-edition-of-entente-cordiale-day-at-the-ecole-militaire\\\/#breadcrumb\",\"itemListElement\":[{\"@type\":\"ListItem\",\"position\":1,\"name\":\"Home\",\"item\":\"https:\\\/\\\/ententecordialeday.org\\\/\"},{\"@type\":\"ListItem\",\"position\":2,\"name\":\"Planning the 2025\\\/2026 Edition of Entente Cordiale Day at the \u00c9cole Militaire\"}]},{\"@type\":\"WebSite\",\"@id\":\"https:\\\/\\\/ententecordialeday.org\\\/#website\",\"url\":\"https:\\\/\\\/ententecordialeday.org\\\/\",\"name\":\"Entente Cordiale Day University Challenge\",\"description\":\"\",\"publisher\":{\"@id\":\"https:\\\/\\\/ententecordialeday.org\\\/#organization\"},\"potentialAction\":[{\"@type\":\"SearchAction\",\"target\":{\"@type\":\"EntryPoint\",\"urlTemplate\":\"https:\\\/\\\/ententecordialeday.org\\\/?s={search_term_string}\"},\"query-input\":{\"@type\":\"PropertyValueSpecification\",\"valueRequired\":true,\"valueName\":\"search_term_string\"}}],\"inLanguage\":\"fr-FR\"},{\"@type\":\"Organization\",\"@id\":\"https:\\\/\\\/ententecordialeday.org\\\/#organization\",\"name\":\"Entente Cordiale Day University Challenge\",\"url\":\"https:\\\/\\\/ententecordialeday.org\\\/\",\"logo\":{\"@type\":\"ImageObject\",\"inLanguage\":\"fr-FR\",\"@id\":\"https:\\\/\\\/ententecordialeday.org\\\/#\\\/schema\\\/logo\\\/image\\\/\",\"url\":\"https:\\\/\\\/ententecordialeday.org\\\/wp-content\\\/uploads\\\/2025\\\/09\\\/logoEDC.png\",\"contentUrl\":\"https:\\\/\\\/ententecordialeday.org\\\/wp-content\\\/uploads\\\/2025\\\/09\\\/logoEDC.png\",\"width\":1000,\"height\":1000,\"caption\":\"Entente Cordiale Day University Challenge\"},\"image\":{\"@id\":\"https:\\\/\\\/ententecordialeday.org\\\/#\\\/schema\\\/logo\\\/image\\\/\"},\"sameAs\":[\"https:\\\/\\\/www.linkedin.com\\\/company\\\/entente-cordiale-day-challeng\",\"https:\\\/\\\/www.instagram.com\\\/ententecordialechallenge\"]},{\"@type\":\"Person\",\"@id\":\"https:\\\/\\\/ententecordialeday.org\\\/#\\\/schema\\\/person\\\/f404cc027262cf5efeb8ae1f95784c64\",\"name\":\"dev\",\"image\":{\"@type\":\"ImageObject\",\"inLanguage\":\"fr-FR\",\"@id\":\"https:\\\/\\\/secure.gravatar.com\\\/avatar\\\/f1ffcac9ca2fa95ad3ec33e9be3ade82f752acb0cabe541e56c5889225afa88a?s=96&d=mm&r=g\",\"url\":\"https:\\\/\\\/secure.gravatar.com\\\/avatar\\\/f1ffcac9ca2fa95ad3ec33e9be3ade82f752acb0cabe541e56c5889225afa88a?s=96&d=mm&r=g\",\"contentUrl\":\"https:\\\/\\\/secure.gravatar.com\\\/avatar\\\/f1ffcac9ca2fa95ad3ec33e9be3ade82f752acb0cabe541e56c5889225afa88a?s=96&d=mm&r=g\",\"caption\":\"dev\"},\"sameAs\":[\"https:\\\/\\\/ententecordialeday.org\"],\"url\":\"https:\\\/\\\/ententecordialeday.org\\\/fr\\\/author\\\/dev\\\/\"}]}<\/script>\n<!-- \/ Yoast SEO plugin. -->","yoast_head_json":{"title":"Planning the 2025\/2026 Edition of Entente Cordiale Day at the \u00c9cole Militaire - Entente Cordiale Day University Challenge","robots":{"index":"index","follow":"follow","max-snippet":"max-snippet:-1","max-image-preview":"max-image-preview:large","max-video-preview":"max-video-preview:-1"},"canonical":"https:\/\/ententecordialeday.org\/fr\/2025\/12\/09\/planning-the-2025-2026-edition-of-entente-cordiale-day-at-the-ecole-militaire\/","og_locale":"fr_FR","og_type":"article","og_title":"Planning the 2025\/2026 Edition of Entente Cordiale Day at the \u00c9cole Militaire - Entente Cordiale Day University Challenge","og_description":"On 7 November 2025, the Founding President, Yves Djimi, together with the Co-Presidents, Martha Leszczinski and Clara Chevalier, met at the \u00c9cole Militaire with G\u00e9n\u00e9ral Didier Oustric and his team to discuss the logistical planning and organisation of the 2025\/2026 edition of the competition. Held within one of France\u2019s most prestigious military institutions, the meeting [&hellip;]","og_url":"https:\/\/ententecordialeday.org\/fr\/2025\/12\/09\/planning-the-2025-2026-edition-of-entente-cordiale-day-at-the-ecole-militaire\/","og_site_name":"Entente Cordiale Day University Challenge","article_published_time":"2025-12-09T15:20:27+00:00","article_modified_time":"2025-12-22T13:10:50+00:00","og_image":[{"width":893,"height":1192,"url":"https:\/\/ententecordialeday.org\/wp-content\/uploads\/2025\/12\/Capture-decran-2025-12-09-a-16.18.55-e1766409036420.png","type":"image\/png"}],"author":"dev","twitter_card":"summary_large_image","twitter_misc":{"\u00c9crit par":"dev","Dur\u00e9e de lecture estim\u00e9e":"1 minute"},"schema":{"@context":"https:\/\/schema.org","@graph":[{"@type":"Article","@id":"https:\/\/ententecordialeday.org\/2025\/12\/09\/planning-the-2025-2026-edition-of-entente-cordiale-day-at-the-ecole-militaire\/#article","isPartOf":{"@id":"https:\/\/ententecordialeday.org\/2025\/12\/09\/planning-the-2025-2026-edition-of-entente-cordiale-day-at-the-ecole-militaire\/"},"author":{"name":"dev","@id":"https:\/\/ententecordialeday.org\/#\/schema\/person\/f404cc027262cf5efeb8ae1f95784c64"},"headline":"Planning the 2025\/2026 Edition of Entente Cordiale Day at the \u00c9cole Militaire","datePublished":"2025-12-09T15:20:27+00:00","dateModified":"2025-12-22T13:10:50+00:00","mainEntityOfPage":{"@id":"https:\/\/ententecordialeday.org\/2025\/12\/09\/planning-the-2025-2026-edition-of-entente-cordiale-day-at-the-ecole-militaire\/"},"wordCount":164,"commentCount":0,"publisher":{"@id":"https:\/\/ententecordialeday.org\/#organization"},"image":{"@id":"https:\/\/ententecordialeday.org\/2025\/12\/09\/planning-the-2025-2026-edition-of-entente-cordiale-day-at-the-ecole-militaire\/#primaryimage"},"thumbnailUrl":"https:\/\/ententecordialeday.org\/wp-content\/uploads\/2025\/12\/Capture-decran-2025-12-09-a-16.18.55-e1766409036420.png","articleSection":["News"],"inLanguage":"fr-FR","potentialAction":[{"@type":"CommentAction","name":"Comment","target":["https:\/\/ententecordialeday.org\/2025\/12\/09\/planning-the-2025-2026-edition-of-entente-cordiale-day-at-the-ecole-militaire\/#respond"]}]},{"@type":"WebPage","@id":"https:\/\/ententecordialeday.org\/2025\/12\/09\/planning-the-2025-2026-edition-of-entente-cordiale-day-at-the-ecole-militaire\/","url":"https:\/\/ententecordialeday.org\/2025\/12\/09\/planning-the-2025-2026-edition-of-entente-cordiale-day-at-the-ecole-militaire\/","name":"Planning the 2025\/2026 Edition of Entente Cordiale Day at the \u00c9cole Militaire - Entente Cordiale Day University Challenge","isPartOf":{"@id":"https:\/\/ententecordialeday.org\/#website"},"primaryImageOfPage":{"@id":"https:\/\/ententecordialeday.org\/2025\/12\/09\/planning-the-2025-2026-edition-of-entente-cordiale-day-at-the-ecole-militaire\/#primaryimage"},"image":{"@id":"https:\/\/ententecordialeday.org\/2025\/12\/09\/planning-the-2025-2026-edition-of-entente-cordiale-day-at-the-ecole-militaire\/#primaryimage"},"thumbnailUrl":"https:\/\/ententecordialeday.org\/wp-content\/uploads\/2025\/12\/Capture-decran-2025-12-09-a-16.18.55-e1766409036420.png","datePublished":"2025-12-09T15:20:27+00:00","dateModified":"2025-12-22T13:10:50+00:00","breadcrumb":{"@id":"https:\/\/ententecordialeday.org\/2025\/12\/09\/planning-the-2025-2026-edition-of-entente-cordiale-day-at-the-ecole-militaire\/#breadcrumb"},"inLanguage":"fr-FR","potentialAction":[{"@type":"ReadAction","target":["https:\/\/ententecordialeday.org\/2025\/12\/09\/planning-the-2025-2026-edition-of-entente-cordiale-day-at-the-ecole-militaire\/"]}]},{"@type":"ImageObject","inLanguage":"fr-FR","@id":"https:\/\/ententecordialeday.org\/2025\/12\/09\/planning-the-2025-2026-edition-of-entente-cordiale-day-at-the-ecole-militaire\/#primaryimage","url":"https:\/\/ententecordialeday.org\/wp-content\/uploads\/2025\/12\/Capture-decran-2025-12-09-a-16.18.55-e1766409036420.png","contentUrl":"https:\/\/ententecordialeday.org\/wp-content\/uploads\/2025\/12\/Capture-decran-2025-12-09-a-16.18.55-e1766409036420.png","width":893,"height":1192},{"@type":"BreadcrumbList","@id":"https:\/\/ententecordialeday.org\/2025\/12\/09\/planning-the-2025-2026-edition-of-entente-cordiale-day-at-the-ecole-militaire\/#breadcrumb","itemListElement":[{"@type":"ListItem","position":1,"name":"Home","item":"https:\/\/ententecordialeday.org\/"},{"@type":"ListItem","position":2,"name":"Planning the 2025\/2026 Edition of Entente Cordiale Day at the \u00c9cole Militaire"}]},{"@type":"WebSite","@id":"https:\/\/ententecordialeday.org\/#website","url":"https:\/\/ententecordialeday.org\/","name":"Journ\u00e9e de l'Entente Cordiale D\u00e9fi universitaire","description":"","publisher":{"@id":"https:\/\/ententecordialeday.org\/#organization"},"potentialAction":[{"@type":"SearchAction","target":{"@type":"EntryPoint","urlTemplate":"https:\/\/ententecordialeday.org\/?s={search_term_string}"},"query-input":{"@type":"PropertyValueSpecification","valueRequired":true,"valueName":"search_term_string"}}],"inLanguage":"fr-FR"},{"@type":"Organization","@id":"https:\/\/ententecordialeday.org\/#organization","name":"Journ\u00e9e de l'Entente Cordiale D\u00e9fi universitaire","url":"https:\/\/ententecordialeday.org\/","logo":{"@type":"ImageObject","inLanguage":"fr-FR","@id":"https:\/\/ententecordialeday.org\/#\/schema\/logo\/image\/","url":"https:\/\/ententecordialeday.org\/wp-content\/uploads\/2025\/09\/logoEDC.png","contentUrl":"https:\/\/ententecordialeday.org\/wp-content\/uploads\/2025\/09\/logoEDC.png","width":1000,"height":1000,"caption":"Entente Cordiale Day University Challenge"},"image":{"@id":"https:\/\/ententecordialeday.org\/#\/schema\/logo\/image\/"},"sameAs":["https:\/\/www.linkedin.com\/company\/entente-cordiale-day-challeng","https:\/\/www.instagram.com\/ententecordialechallenge"]},{"@type":"Person","@id":"https:\/\/ententecordialeday.org\/#\/schema\/person\/f404cc027262cf5efeb8ae1f95784c64","name":"dev","image":{"@type":"ImageObject","inLanguage":"fr-FR","@id":"https:\/\/secure.gravatar.com\/avatar\/f1ffcac9ca2fa95ad3ec33e9be3ade82f752acb0cabe541e56c5889225afa88a?s=96&d=mm&r=g","url":"https:\/\/secure.gravatar.com\/avatar\/f1ffcac9ca2fa95ad3ec33e9be3ade82f752acb0cabe541e56c5889225afa88a?s=96&d=mm&r=g","contentUrl":"https:\/\/secure.gravatar.com\/avatar\/f1ffcac9ca2fa95ad3ec33e9be3ade82f752acb0cabe541e56c5889225afa88a?s=96&d=mm&r=g","caption":"dev"},"sameAs":["https:\/\/ententecordialeday.org"],"url":"https:\/\/ententecordialeday.org\/fr\/author\/dev\/"}]}},"_links":{"self":[{"href":"https:\/\/ententecordialeday.org\/fr\/wp-json\/wp\/v2\/posts\/2758","targetHints":{"allow":["GET"]}}],"collection":[{"href":"https:\/\/ententecordialeday.org\/fr\/wp-json\/wp\/v2\/posts"}],"about":[{"href":"https:\/\/ententecordialeday.org\/fr\/wp-json\/wp\/v2\/types\/post"}],"author":[{"embeddable":true,"href":"https:\/\/ententecordialeday.org\/fr\/wp-json\/wp\/v2\/users\/1"}],"replies":[{"embeddable":true,"href":"https:\/\/ententecordialeday.org\/fr\/wp-json\/wp\/v2\/comments?post=2758"}],"version-history":[{"count":4,"href":"https:\/\/ententecordialeday.org\/fr\/wp-json\/wp\/v2\/posts\/2758\/revisions"}],"predecessor-version":[{"id":2839,"href":"https:\/\/ententecordialeday.org\/fr\/wp-json\/wp\/v2\/posts\/2758\/revisions\/2839"}],"wp:featuredmedia":[{"embeddable":true,"href":"https:\/\/ententecordialeday.org\/fr\/wp-json\/wp\/v2\/media\/2759"}],"wp:attachment":[{"href":"https:\/\/ententecordialeday.org\/fr\/wp-json\/wp\/v2\/media?parent=2758"}],"wp:term":[{"taxonomy":"category","embeddable":true,"href":"https:\/\/ententecordialeday.org\/fr\/wp-json\/wp\/v2\/categories?post=2758"},{"taxonomy":"post_tag","embeddable":true,"href":"https:\/\/ententecordialeday.org\/fr\/wp-json\/wp\/v2\/tags?post=2758"}],"curies":[{"name":"wp","href":"https:\/\/api.w.org\/{rel}","templated":true}]}}