{"id":2752,"date":"2025-12-09T15:15:56","date_gmt":"2025-12-09T15:15:56","guid":{"rendered":"https:\/\/ententecordialeday.org\/?p=2752"},"modified":"2025-12-22T13:09:34","modified_gmt":"2025-12-22T13:09:34","slug":"visit-to-the-elysee-palace","status":"publish","type":"post","link":"https:\/\/ententecordialeday.org\/fr\/2025\/12\/09\/visit-to-the-elysee-palace\/","title":{"rendered":"Visite du Palais de l'\u00c9lys\u00e9e"},"content":{"rendered":"<p>Les laur\u00e9ats de la Journ\u00e9e de l'Entente Cordiale 2024\/2025 honor\u00e9s d'une visite exclusive \u00e0 la Maison de l'Europe.<br \/>\nPalais de l'\u00c9lys\u00e9e<\/p>\n<p>Les laur\u00e9ats de l'\u00e9dition 2024\/2025 de la Journ\u00e9e de l'Entente Cordiale ont \u00e9t\u00e9 invit\u00e9s \u00e0 une visite priv\u00e9e exceptionnelle du Palais de l'\u00c9lys\u00e9e, r\u00e9sidence officielle du Pr\u00e9sident de la R\u00e9publique fran\u00e7aise. Cette occasion rare a permis aux \u00e9tudiants de d\u00e9couvrir l'une des institutions les plus embl\u00e9matiques de France et de c\u00e9l\u00e9brer leur travail, leur cr\u00e9ativit\u00e9 et leur esprit diplomatique. Ce fut un moment m\u00e9morable de reconnaissance et une source d'inspiration pour la prochaine g\u00e9n\u00e9ration de dirigeants franco-britanniques.<\/p>\n<p>A leur arriv\u00e9e, les \u00e9tudiants ont eu acc\u00e8s \u00e0 la Cour d'Honneur, le parvis historique o\u00f9 sont traditionnellement accueillis les chefs d'Etat, les invit\u00e9s officiels et les dirigeants du monde entier.<\/p>\n<p>Ils avaient \u00e9galement acc\u00e8s aux jardins de l'\u00c9lys\u00e9e, un paysage de deux hectares cr\u00e9\u00e9 au XVIIIe si\u00e8cle et remani\u00e9 \u00e0 plusieurs reprises au fil du temps. Initialement am\u00e9nag\u00e9s selon la tradition formelle fran\u00e7aise, puis int\u00e9grant des \u00e9l\u00e9ments de style anglais du XIXe si\u00e8cle, les jardins ont \u00e9t\u00e9 adapt\u00e9s par les pr\u00e9sidents successifs en fonction des \u00e9v\u00e9nements officiels et des besoins contemporains.<\/p>\n<p>Les \u00e9l\u00e8ves ont ensuite explor\u00e9 plusieurs salles du rez-de-chauss\u00e9e du palais de l'\u00c9lys\u00e9e, qui remplissent des fonctions c\u00e9r\u00e9monielles et gouvernementales essentielles. Il s'agit notamment du vestibule d'honneur, situ\u00e9 \u00e0 l'entr\u00e9e principale du palais. Il sert de lieu de r\u00e9ception officiel pour les chefs d'\u00c9tat et les invit\u00e9s officiels, o\u00f9 les dignitaires \u00e9trangers sont accueillis avant de se rendre dans d'autres lieux de c\u00e9r\u00e9monie.<\/p>\n<p><img fetchpriority=\"high\" decoding=\"async\" class=\"wp-image-2837 size-medium aligncenter\" src=\"https:\/\/ententecordialeday.org\/wp-content\/uploads\/2025\/12\/Salon-des-portraits-234x300.jpg\" alt=\"\" width=\"234\" height=\"300\" srcset=\"https:\/\/ententecordialeday.org\/wp-content\/uploads\/2025\/12\/Salon-des-portraits-234x300.jpg 234w, https:\/\/ententecordialeday.org\/wp-content\/uploads\/2025\/12\/Salon-des-portraits-797x1024.jpg 797w, https:\/\/ententecordialeday.org\/wp-content\/uploads\/2025\/12\/Salon-des-portraits-768x986.jpg 768w, https:\/\/ententecordialeday.org\/wp-content\/uploads\/2025\/12\/Salon-des-portraits-1196x1536.jpg 1196w, https:\/\/ententecordialeday.org\/wp-content\/uploads\/2025\/12\/Salon-des-portraits-9x12.jpg 9w, https:\/\/ententecordialeday.org\/wp-content\/uploads\/2025\/12\/Salon-des-portraits.jpg 1246w\" sizes=\"(max-width: 234px) 100vw, 234px\" \/><\/p>\n<p>Le salon des aides de camp, historiquement utilis\u00e9 par les aides militaires du pr\u00e9sident charg\u00e9s du protocole, de la coordination de la s\u00e9curit\u00e9 et des c\u00e9r\u00e9monies, illustre les relations \u00e9troites entre la pr\u00e9sidence et les forces arm\u00e9es.<\/p>","protected":false},"excerpt":{"rendered":"<p>Entente Cordiale Day 2024\/2025 Winners Honoured with an Exclusive Visit to the \u00c9lys\u00e9e Palace The winners of the 2024\/2025 edition of Entente Cordiale Day were invited for an exceptional private visit to the \u00c9lys\u00e9e Palace, the official residence of the President of the French Republic. This rare opportunity offered students an inside look at one [&hellip;]<\/p>\n","protected":false},"author":1,"featured_media":2762,"comment_status":"open","ping_status":"open","sticky":false,"template":"","format":"standard","meta":{"_acf_changed":false,"footnotes":""},"categories":[10],"tags":[],"class_list":["post-2752","post","type-post","status-publish","format-standard","has-post-thumbnail","hentry","category-news"],"acf":[],"yoast_head":"<!-- This site is optimized with the Yoast SEO plugin v27.4 - https:\/\/yoast.com\/product\/yoast-seo-wordpress\/ -->\n<title>Visit to the \u00c9lys\u00e9e Palace - Entente Cordiale Day University Challenge<\/title>\n<meta name=\"robots\" content=\"index, follow, max-snippet:-1, max-image-preview:large, max-video-preview:-1\" \/>\n<link rel=\"canonical\" href=\"https:\/\/ententecordialeday.org\/fr\/2025\/12\/09\/visit-to-the-elysee-palace\/\" \/>\n<meta property=\"og:locale\" content=\"fr_FR\" \/>\n<meta property=\"og:type\" content=\"article\" \/>\n<meta property=\"og:title\" content=\"Visit to the \u00c9lys\u00e9e Palace - Entente Cordiale Day University Challenge\" \/>\n<meta property=\"og:description\" content=\"Entente Cordiale Day 2024\/2025 Winners Honoured with an Exclusive Visit to the \u00c9lys\u00e9e Palace The winners of the 2024\/2025 edition of Entente Cordiale Day were invited for an exceptional private visit to the \u00c9lys\u00e9e Palace, the official residence of the President of the French Republic. This rare opportunity offered students an inside look at one [&hellip;]\" \/>\n<meta property=\"og:url\" content=\"https:\/\/ententecordialeday.org\/fr\/2025\/12\/09\/visit-to-the-elysee-palace\/\" \/>\n<meta property=\"og:site_name\" content=\"Entente Cordiale Day University Challenge\" \/>\n<meta property=\"article:published_time\" content=\"2025-12-09T15:15:56+00:00\" \/>\n<meta property=\"article:modified_time\" content=\"2025-12-22T13:09:34+00:00\" \/>\n<meta property=\"og:image\" content=\"https:\/\/ententecordialeday.org\/wp-content\/uploads\/2025\/12\/Capture-decran-2025-12-10-a-09.20.50.png\" \/>\n\t<meta property=\"og:image:width\" content=\"498\" \/>\n\t<meta property=\"og:image:height\" content=\"252\" \/>\n\t<meta property=\"og:image:type\" content=\"image\/png\" \/>\n<meta name=\"author\" content=\"dev\" \/>\n<meta name=\"twitter:card\" content=\"summary_large_image\" \/>\n<meta name=\"twitter:label1\" content=\"\u00c9crit par\" \/>\n\t<meta name=\"twitter:data1\" content=\"dev\" \/>\n\t<meta name=\"twitter:label2\" content=\"Dur\u00e9e de lecture estim\u00e9e\" \/>\n\t<meta name=\"twitter:data2\" content=\"2 minutes\" \/>\n<script type=\"application\/ld+json\" class=\"yoast-schema-graph\">{\"@context\":\"https:\\\/\\\/schema.org\",\"@graph\":[{\"@type\":\"Article\",\"@id\":\"https:\\\/\\\/ententecordialeday.org\\\/2025\\\/12\\\/09\\\/visit-to-the-elysee-palace\\\/#article\",\"isPartOf\":{\"@id\":\"https:\\\/\\\/ententecordialeday.org\\\/2025\\\/12\\\/09\\\/visit-to-the-elysee-palace\\\/\"},\"author\":{\"name\":\"dev\",\"@id\":\"https:\\\/\\\/ententecordialeday.org\\\/#\\\/schema\\\/person\\\/f404cc027262cf5efeb8ae1f95784c64\"},\"headline\":\"Visit to the \u00c9lys\u00e9e Palace\",\"datePublished\":\"2025-12-09T15:15:56+00:00\",\"dateModified\":\"2025-12-22T13:09:34+00:00\",\"mainEntityOfPage\":{\"@id\":\"https:\\\/\\\/ententecordialeday.org\\\/2025\\\/12\\\/09\\\/visit-to-the-elysee-palace\\\/\"},\"wordCount\":257,\"commentCount\":0,\"publisher\":{\"@id\":\"https:\\\/\\\/ententecordialeday.org\\\/#organization\"},\"image\":{\"@id\":\"https:\\\/\\\/ententecordialeday.org\\\/2025\\\/12\\\/09\\\/visit-to-the-elysee-palace\\\/#primaryimage\"},\"thumbnailUrl\":\"https:\\\/\\\/ententecordialeday.org\\\/wp-content\\\/uploads\\\/2025\\\/12\\\/Capture-decran-2025-12-10-a-09.20.50.png\",\"articleSection\":[\"News\"],\"inLanguage\":\"fr-FR\",\"potentialAction\":[{\"@type\":\"CommentAction\",\"name\":\"Comment\",\"target\":[\"https:\\\/\\\/ententecordialeday.org\\\/2025\\\/12\\\/09\\\/visit-to-the-elysee-palace\\\/#respond\"]}]},{\"@type\":\"WebPage\",\"@id\":\"https:\\\/\\\/ententecordialeday.org\\\/2025\\\/12\\\/09\\\/visit-to-the-elysee-palace\\\/\",\"url\":\"https:\\\/\\\/ententecordialeday.org\\\/2025\\\/12\\\/09\\\/visit-to-the-elysee-palace\\\/\",\"name\":\"Visit to the \u00c9lys\u00e9e Palace - Entente Cordiale Day University Challenge\",\"isPartOf\":{\"@id\":\"https:\\\/\\\/ententecordialeday.org\\\/#website\"},\"primaryImageOfPage\":{\"@id\":\"https:\\\/\\\/ententecordialeday.org\\\/2025\\\/12\\\/09\\\/visit-to-the-elysee-palace\\\/#primaryimage\"},\"image\":{\"@id\":\"https:\\\/\\\/ententecordialeday.org\\\/2025\\\/12\\\/09\\\/visit-to-the-elysee-palace\\\/#primaryimage\"},\"thumbnailUrl\":\"https:\\\/\\\/ententecordialeday.org\\\/wp-content\\\/uploads\\\/2025\\\/12\\\/Capture-decran-2025-12-10-a-09.20.50.png\",\"datePublished\":\"2025-12-09T15:15:56+00:00\",\"dateModified\":\"2025-12-22T13:09:34+00:00\",\"breadcrumb\":{\"@id\":\"https:\\\/\\\/ententecordialeday.org\\\/2025\\\/12\\\/09\\\/visit-to-the-elysee-palace\\\/#breadcrumb\"},\"inLanguage\":\"fr-FR\",\"potentialAction\":[{\"@type\":\"ReadAction\",\"target\":[\"https:\\\/\\\/ententecordialeday.org\\\/2025\\\/12\\\/09\\\/visit-to-the-elysee-palace\\\/\"]}]},{\"@type\":\"ImageObject\",\"inLanguage\":\"fr-FR\",\"@id\":\"https:\\\/\\\/ententecordialeday.org\\\/2025\\\/12\\\/09\\\/visit-to-the-elysee-palace\\\/#primaryimage\",\"url\":\"https:\\\/\\\/ententecordialeday.org\\\/wp-content\\\/uploads\\\/2025\\\/12\\\/Capture-decran-2025-12-10-a-09.20.50.png\",\"contentUrl\":\"https:\\\/\\\/ententecordialeday.org\\\/wp-content\\\/uploads\\\/2025\\\/12\\\/Capture-decran-2025-12-10-a-09.20.50.png\",\"width\":498,\"height\":252},{\"@type\":\"BreadcrumbList\",\"@id\":\"https:\\\/\\\/ententecordialeday.org\\\/2025\\\/12\\\/09\\\/visit-to-the-elysee-palace\\\/#breadcrumb\",\"itemListElement\":[{\"@type\":\"ListItem\",\"position\":1,\"name\":\"Home\",\"item\":\"https:\\\/\\\/ententecordialeday.org\\\/\"},{\"@type\":\"ListItem\",\"position\":2,\"name\":\"Visit to the \u00c9lys\u00e9e Palace\"}]},{\"@type\":\"WebSite\",\"@id\":\"https:\\\/\\\/ententecordialeday.org\\\/#website\",\"url\":\"https:\\\/\\\/ententecordialeday.org\\\/\",\"name\":\"Entente Cordiale Day University Challenge\",\"description\":\"\",\"publisher\":{\"@id\":\"https:\\\/\\\/ententecordialeday.org\\\/#organization\"},\"potentialAction\":[{\"@type\":\"SearchAction\",\"target\":{\"@type\":\"EntryPoint\",\"urlTemplate\":\"https:\\\/\\\/ententecordialeday.org\\\/?s={search_term_string}\"},\"query-input\":{\"@type\":\"PropertyValueSpecification\",\"valueRequired\":true,\"valueName\":\"search_term_string\"}}],\"inLanguage\":\"fr-FR\"},{\"@type\":\"Organization\",\"@id\":\"https:\\\/\\\/ententecordialeday.org\\\/#organization\",\"name\":\"Entente Cordiale Day University Challenge\",\"url\":\"https:\\\/\\\/ententecordialeday.org\\\/\",\"logo\":{\"@type\":\"ImageObject\",\"inLanguage\":\"fr-FR\",\"@id\":\"https:\\\/\\\/ententecordialeday.org\\\/#\\\/schema\\\/logo\\\/image\\\/\",\"url\":\"https:\\\/\\\/ententecordialeday.org\\\/wp-content\\\/uploads\\\/2025\\\/09\\\/logoEDC.png\",\"contentUrl\":\"https:\\\/\\\/ententecordialeday.org\\\/wp-content\\\/uploads\\\/2025\\\/09\\\/logoEDC.png\",\"width\":1000,\"height\":1000,\"caption\":\"Entente Cordiale Day University Challenge\"},\"image\":{\"@id\":\"https:\\\/\\\/ententecordialeday.org\\\/#\\\/schema\\\/logo\\\/image\\\/\"},\"sameAs\":[\"https:\\\/\\\/www.linkedin.com\\\/company\\\/entente-cordiale-day-challeng\",\"https:\\\/\\\/www.instagram.com\\\/ententecordialechallenge\"]},{\"@type\":\"Person\",\"@id\":\"https:\\\/\\\/ententecordialeday.org\\\/#\\\/schema\\\/person\\\/f404cc027262cf5efeb8ae1f95784c64\",\"name\":\"dev\",\"image\":{\"@type\":\"ImageObject\",\"inLanguage\":\"fr-FR\",\"@id\":\"https:\\\/\\\/secure.gravatar.com\\\/avatar\\\/f1ffcac9ca2fa95ad3ec33e9be3ade82f752acb0cabe541e56c5889225afa88a?s=96&d=mm&r=g\",\"url\":\"https:\\\/\\\/secure.gravatar.com\\\/avatar\\\/f1ffcac9ca2fa95ad3ec33e9be3ade82f752acb0cabe541e56c5889225afa88a?s=96&d=mm&r=g\",\"contentUrl\":\"https:\\\/\\\/secure.gravatar.com\\\/avatar\\\/f1ffcac9ca2fa95ad3ec33e9be3ade82f752acb0cabe541e56c5889225afa88a?s=96&d=mm&r=g\",\"caption\":\"dev\"},\"sameAs\":[\"https:\\\/\\\/ententecordialeday.org\"],\"url\":\"https:\\\/\\\/ententecordialeday.org\\\/fr\\\/author\\\/dev\\\/\"}]}<\/script>\n<!-- \/ Yoast SEO plugin. -->","yoast_head_json":{"title":"Visit to the \u00c9lys\u00e9e Palace - Entente Cordiale Day University Challenge","robots":{"index":"index","follow":"follow","max-snippet":"max-snippet:-1","max-image-preview":"max-image-preview:large","max-video-preview":"max-video-preview:-1"},"canonical":"https:\/\/ententecordialeday.org\/fr\/2025\/12\/09\/visit-to-the-elysee-palace\/","og_locale":"fr_FR","og_type":"article","og_title":"Visit to the \u00c9lys\u00e9e Palace - Entente Cordiale Day University Challenge","og_description":"Entente Cordiale Day 2024\/2025 Winners Honoured with an Exclusive Visit to the \u00c9lys\u00e9e Palace The winners of the 2024\/2025 edition of Entente Cordiale Day were invited for an exceptional private visit to the \u00c9lys\u00e9e Palace, the official residence of the President of the French Republic. This rare opportunity offered students an inside look at one [&hellip;]","og_url":"https:\/\/ententecordialeday.org\/fr\/2025\/12\/09\/visit-to-the-elysee-palace\/","og_site_name":"Entente Cordiale Day University Challenge","article_published_time":"2025-12-09T15:15:56+00:00","article_modified_time":"2025-12-22T13:09:34+00:00","og_image":[{"width":498,"height":252,"url":"https:\/\/ententecordialeday.org\/wp-content\/uploads\/2025\/12\/Capture-decran-2025-12-10-a-09.20.50.png","type":"image\/png"}],"author":"dev","twitter_card":"summary_large_image","twitter_misc":{"\u00c9crit par":"dev","Dur\u00e9e de lecture estim\u00e9e":"2 minutes"},"schema":{"@context":"https:\/\/schema.org","@graph":[{"@type":"Article","@id":"https:\/\/ententecordialeday.org\/2025\/12\/09\/visit-to-the-elysee-palace\/#article","isPartOf":{"@id":"https:\/\/ententecordialeday.org\/2025\/12\/09\/visit-to-the-elysee-palace\/"},"author":{"name":"dev","@id":"https:\/\/ententecordialeday.org\/#\/schema\/person\/f404cc027262cf5efeb8ae1f95784c64"},"headline":"Visit to the \u00c9lys\u00e9e Palace","datePublished":"2025-12-09T15:15:56+00:00","dateModified":"2025-12-22T13:09:34+00:00","mainEntityOfPage":{"@id":"https:\/\/ententecordialeday.org\/2025\/12\/09\/visit-to-the-elysee-palace\/"},"wordCount":257,"commentCount":0,"publisher":{"@id":"https:\/\/ententecordialeday.org\/#organization"},"image":{"@id":"https:\/\/ententecordialeday.org\/2025\/12\/09\/visit-to-the-elysee-palace\/#primaryimage"},"thumbnailUrl":"https:\/\/ententecordialeday.org\/wp-content\/uploads\/2025\/12\/Capture-decran-2025-12-10-a-09.20.50.png","articleSection":["News"],"inLanguage":"fr-FR","potentialAction":[{"@type":"CommentAction","name":"Comment","target":["https:\/\/ententecordialeday.org\/2025\/12\/09\/visit-to-the-elysee-palace\/#respond"]}]},{"@type":"WebPage","@id":"https:\/\/ententecordialeday.org\/2025\/12\/09\/visit-to-the-elysee-palace\/","url":"https:\/\/ententecordialeday.org\/2025\/12\/09\/visit-to-the-elysee-palace\/","name":"Visit to the \u00c9lys\u00e9e Palace - Entente Cordiale Day University Challenge","isPartOf":{"@id":"https:\/\/ententecordialeday.org\/#website"},"primaryImageOfPage":{"@id":"https:\/\/ententecordialeday.org\/2025\/12\/09\/visit-to-the-elysee-palace\/#primaryimage"},"image":{"@id":"https:\/\/ententecordialeday.org\/2025\/12\/09\/visit-to-the-elysee-palace\/#primaryimage"},"thumbnailUrl":"https:\/\/ententecordialeday.org\/wp-content\/uploads\/2025\/12\/Capture-decran-2025-12-10-a-09.20.50.png","datePublished":"2025-12-09T15:15:56+00:00","dateModified":"2025-12-22T13:09:34+00:00","breadcrumb":{"@id":"https:\/\/ententecordialeday.org\/2025\/12\/09\/visit-to-the-elysee-palace\/#breadcrumb"},"inLanguage":"fr-FR","potentialAction":[{"@type":"ReadAction","target":["https:\/\/ententecordialeday.org\/2025\/12\/09\/visit-to-the-elysee-palace\/"]}]},{"@type":"ImageObject","inLanguage":"fr-FR","@id":"https:\/\/ententecordialeday.org\/2025\/12\/09\/visit-to-the-elysee-palace\/#primaryimage","url":"https:\/\/ententecordialeday.org\/wp-content\/uploads\/2025\/12\/Capture-decran-2025-12-10-a-09.20.50.png","contentUrl":"https:\/\/ententecordialeday.org\/wp-content\/uploads\/2025\/12\/Capture-decran-2025-12-10-a-09.20.50.png","width":498,"height":252},{"@type":"BreadcrumbList","@id":"https:\/\/ententecordialeday.org\/2025\/12\/09\/visit-to-the-elysee-palace\/#breadcrumb","itemListElement":[{"@type":"ListItem","position":1,"name":"Home","item":"https:\/\/ententecordialeday.org\/"},{"@type":"ListItem","position":2,"name":"Visit to the \u00c9lys\u00e9e Palace"}]},{"@type":"WebSite","@id":"https:\/\/ententecordialeday.org\/#website","url":"https:\/\/ententecordialeday.org\/","name":"Journ\u00e9e de l'Entente Cordiale D\u00e9fi universitaire","description":"","publisher":{"@id":"https:\/\/ententecordialeday.org\/#organization"},"potentialAction":[{"@type":"SearchAction","target":{"@type":"EntryPoint","urlTemplate":"https:\/\/ententecordialeday.org\/?s={search_term_string}"},"query-input":{"@type":"PropertyValueSpecification","valueRequired":true,"valueName":"search_term_string"}}],"inLanguage":"fr-FR"},{"@type":"Organization","@id":"https:\/\/ententecordialeday.org\/#organization","name":"Journ\u00e9e de l'Entente Cordiale D\u00e9fi universitaire","url":"https:\/\/ententecordialeday.org\/","logo":{"@type":"ImageObject","inLanguage":"fr-FR","@id":"https:\/\/ententecordialeday.org\/#\/schema\/logo\/image\/","url":"https:\/\/ententecordialeday.org\/wp-content\/uploads\/2025\/09\/logoEDC.png","contentUrl":"https:\/\/ententecordialeday.org\/wp-content\/uploads\/2025\/09\/logoEDC.png","width":1000,"height":1000,"caption":"Entente Cordiale Day University Challenge"},"image":{"@id":"https:\/\/ententecordialeday.org\/#\/schema\/logo\/image\/"},"sameAs":["https:\/\/www.linkedin.com\/company\/entente-cordiale-day-challeng","https:\/\/www.instagram.com\/ententecordialechallenge"]},{"@type":"Person","@id":"https:\/\/ententecordialeday.org\/#\/schema\/person\/f404cc027262cf5efeb8ae1f95784c64","name":"dev","image":{"@type":"ImageObject","inLanguage":"fr-FR","@id":"https:\/\/secure.gravatar.com\/avatar\/f1ffcac9ca2fa95ad3ec33e9be3ade82f752acb0cabe541e56c5889225afa88a?s=96&d=mm&r=g","url":"https:\/\/secure.gravatar.com\/avatar\/f1ffcac9ca2fa95ad3ec33e9be3ade82f752acb0cabe541e56c5889225afa88a?s=96&d=mm&r=g","contentUrl":"https:\/\/secure.gravatar.com\/avatar\/f1ffcac9ca2fa95ad3ec33e9be3ade82f752acb0cabe541e56c5889225afa88a?s=96&d=mm&r=g","caption":"dev"},"sameAs":["https:\/\/ententecordialeday.org"],"url":"https:\/\/ententecordialeday.org\/fr\/author\/dev\/"}]}},"_links":{"self":[{"href":"https:\/\/ententecordialeday.org\/fr\/wp-json\/wp\/v2\/posts\/2752","targetHints":{"allow":["GET"]}}],"collection":[{"href":"https:\/\/ententecordialeday.org\/fr\/wp-json\/wp\/v2\/posts"}],"about":[{"href":"https:\/\/ententecordialeday.org\/fr\/wp-json\/wp\/v2\/types\/post"}],"author":[{"embeddable":true,"href":"https:\/\/ententecordialeday.org\/fr\/wp-json\/wp\/v2\/users\/1"}],"replies":[{"embeddable":true,"href":"https:\/\/ententecordialeday.org\/fr\/wp-json\/wp\/v2\/comments?post=2752"}],"version-history":[{"count":4,"href":"https:\/\/ententecordialeday.org\/fr\/wp-json\/wp\/v2\/posts\/2752\/revisions"}],"predecessor-version":[{"id":2838,"href":"https:\/\/ententecordialeday.org\/fr\/wp-json\/wp\/v2\/posts\/2752\/revisions\/2838"}],"wp:featuredmedia":[{"embeddable":true,"href":"https:\/\/ententecordialeday.org\/fr\/wp-json\/wp\/v2\/media\/2762"}],"wp:attachment":[{"href":"https:\/\/ententecordialeday.org\/fr\/wp-json\/wp\/v2\/media?parent=2752"}],"wp:term":[{"taxonomy":"category","embeddable":true,"href":"https:\/\/ententecordialeday.org\/fr\/wp-json\/wp\/v2\/categories?post=2752"},{"taxonomy":"post_tag","embeddable":true,"href":"https:\/\/ententecordialeday.org\/fr\/wp-json\/wp\/v2\/tags?post=2752"}],"curies":[{"name":"wp","href":"https:\/\/api.w.org\/{rel}","templated":true}]}}