{"id":1780,"date":"2025-07-02T11:31:23","date_gmt":"2025-07-02T11:31:23","guid":{"rendered":"https:\/\/ententecordialeday.org\/?p=1780"},"modified":"2025-10-03T11:33:41","modified_gmt":"2025-10-03T11:33:41","slug":"entente-cordiale-day-announces-strategic-partnership-with-the-french-defence-university-academ-for-2026-challenge","status":"publish","type":"post","link":"https:\/\/ententecordialeday.org\/fr\/2025\/07\/02\/entente-cordiale-day-announces-strategic-partnership-with-the-french-defence-university-academ-for-2026-challenge\/","title":{"rendered":"L'Entente Cordiale Day annonce un partenariat strat\u00e9gique avec l'Universit\u00e9 de D\u00e9fense fran\u00e7aise (ACADEM) pour le Challenge 2026"},"content":{"rendered":"<div data-breakout=\"normal\">\n<p id=\"viewer-hptf9174\" class=\"fxTZ7 fvFfv tTJlO xFml2\" dir=\"auto\"><span class=\"zzOoR tTJlO\">Nous sommes ravis d'annoncer un nouveau partenariat prestigieux avec l'Universit\u00e9 de la D\u00e9fense fran\u00e7aise (ACADEM) pour soutenir l'\u00e9dition 2025-2026 du D\u00e9fi de la Journ\u00e9e de l'Entente Cordiale. Cette collaboration marque une \u00e9tape importante dans notre mission commune de former la prochaine g\u00e9n\u00e9ration de leaders mondiaux.<\/span><\/p>\n<\/div>\n<div data-breakout=\"normal\">\n<h2 id=\"viewer-op07w177\" class=\"ZV2Il VTRRk tTJlO xFml2\" dir=\"auto\"><span class=\"ik3-v tTJlO\"><strong>Un partenariat fond\u00e9 sur des valeurs et une vision communes<\/strong><\/span><\/h2>\n<\/div>\n<div data-breakout=\"normal\">\n<p id=\"viewer-l6e0e179\" class=\"fxTZ7 fvFfv tTJlO xFml2\" dir=\"auto\"><span class=\"zzOoR tTJlO\">Lors d'une r\u00e9cente r\u00e9union \u00e0 l'\u00c9cole militaire historique, nous avons eu le privil\u00e8ge de pr\u00e9senter le d\u00e9fi de cette ann\u00e9e, qui se concentre sur le th\u00e8me opportun et critique : \"Conflits, technologies et s\u00e9curit\u00e9 mondiale\". Nous sommes honor\u00e9s d'avoir re\u00e7u le soutien de l'ACADEM, dont le directeur, le g\u00e9n\u00e9ral de corps d'arm\u00e9e Herv\u00e9 de Courr\u00e8ges, a exprim\u00e9 son soutien enthousiaste \u00e0 notre initiative et son engagement \u00e0 encourager la collaboration universitaire en France, en Europe et avec des partenaires internationaux.<\/span><\/p>\n<\/div>\n<div data-hook=\"rcv-block5\"><\/div>\n<div data-breakout=\"normal\">\n<p id=\"viewer-4c30p1466\" class=\"fxTZ7 fvFfv tTJlO xFml2\" dir=\"auto\"><span class=\"zzOoR tTJlO\">La mission de l'ACADEM, qui consiste \u00e0 jeter des ponts entre les universit\u00e9s fran\u00e7aises, europ\u00e9ennes et internationales, s'aligne parfaitement sur l'engagement de la Journ\u00e9e de l'Entente Cordiale \u00e0 encourager la collaboration et l'innovation transfrontali\u00e8res. Gr\u00e2ce \u00e0 ce partenariat, le Challenge b\u00e9n\u00e9ficiera de l'expertise et du r\u00e9seau \u00e9tendu de l'ACADEM, y compris l'implication des membres du jury de l'Acad\u00e9mie de D\u00e9fense qui contribueront \u00e0 l'\u00e9valuation des travaux des \u00e9tudiants.<\/span><\/p>\n<\/div>\n<div data-hook=\"rcv-block7\"><\/div>\n<div data-breakout=\"normal\">\n<h2 id=\"viewer-ikqy0182\" class=\"ZV2Il VTRRk tTJlO xFml2\" dir=\"auto\"><span class=\"ik3-v tTJlO\"><strong>Accueil de la grande conf\u00e9rence et de l'\u00e9v\u00e9nement final<\/strong><\/span><\/h2>\n<\/div>\n<div data-breakout=\"normal\">\n<p id=\"viewer-oqzgu184\" class=\"fxTZ7 fvFfv tTJlO xFml2\" dir=\"auto\"><span class=\"zzOoR tTJlO\">Dans le cadre d'un g\u00e9n\u00e9reux partenariat, l'ACADEM accueillera la grande s\u00e9ance de questions-r\u00e9ponses avec les finalistes le 7 avril 2026, dans ses locaux. Cet \u00e9v\u00e9nement sera le point culminant de plusieurs mois de recherches rigoureuses et de d\u00e9bats anim\u00e9s, r\u00e9unissant les meilleures \u00e9quipes d'\u00e9tudiants, les membres distingu\u00e9s du jury et des intervenants experts.<\/span><\/p>\n<\/div>\n<div data-hook=\"rcv-block10\"><\/div>\n<div data-breakout=\"normal\">\n<p id=\"viewer-ky2e0187\" class=\"fxTZ7 fvFfv tTJlO xFml2\" dir=\"auto\"><span class=\"zzOoR tTJlO\">L'ACADEM fournira un soutien logistique essentiel pour garantir une exp\u00e9rience accueillante et marquante pour les \u00e9tudiants et les invit\u00e9s. Au-del\u00e0 de l'organisation d'\u00e9v\u00e9nements, le partenariat offrira un acc\u00e8s aux ressources acad\u00e9miques, un soutien expert en mati\u00e8re de communication et de publication pour les travaux prim\u00e9s, et l'organisation de conf\u00e9rences th\u00e9matiques avec d'\u00e9minents orateurs de l'Acad\u00e9mie de d\u00e9fense.<\/span><\/p>\n<\/div>\n<div data-hook=\"rcv-block12\"><\/div>\n<div data-breakout=\"normal\">\n<h2 id=\"viewer-dw601195\" class=\"ZV2Il VTRRk tTJlO xFml2\" dir=\"auto\"><span class=\"ik3-v tTJlO\"><strong>Une passerelle vers le Forum de Paris sur la d\u00e9fense et la strat\u00e9gie<\/strong><\/span><\/h2>\n<\/div>\n<div data-breakout=\"normal\">\n<p id=\"viewer-xq0t4197\" class=\"fxTZ7 fvFfv tTJlO xFml2\" dir=\"auto\"><span class=\"zzOoR tTJlO\">Pour enrichir encore l'exp\u00e9rience des \u00e9tudiants, les finalistes seront invit\u00e9s \u00e0 participer au Forum de Paris sur la d\u00e9fense et la strat\u00e9gie, qui se tiendra \u00e0 l'\u00c9cole militaire du 24 au 26 mars 2026. Cet \u00e9v\u00e9nement mondialement reconnu r\u00e9unit des personnalit\u00e9s de premier plan dans le domaine de la d\u00e9fense et de la s\u00e9curit\u00e9, offrant une plateforme unique pour des discussions tourn\u00e9es vers l'avenir qui inspireront et pr\u00e9pareront les \u00e9tudiants \u00e0 leurs pr\u00e9sentations finales.<\/span><\/p>\n<\/div>\n<div data-hook=\"rcv-block16\"><\/div>\n<div data-breakout=\"normal\">\n<p id=\"viewer-15ob4202\" class=\"fxTZ7 fvFfv tTJlO xFml2\" dir=\"auto\"><span class=\"zzOoR tTJlO\">Ce partenariat est un t\u00e9moignage fort de l'impact et du prestige croissants du Challenge Universitaire du Prix Entente Cordiale. Il souligne notre conviction commune de l'importance d'impliquer les jeunes universitaires dans les questions urgentes qui fa\u00e7onnent l'avenir de la s\u00e9curit\u00e9 et de la technologie.<\/span><\/p>\n<\/div>\n<div data-hook=\"rcv-block17\"><\/div>\n<div data-breakout=\"normal\">\n<p id=\"viewer-f8h6z205\" class=\"fxTZ7 fvFfv tTJlO xFml2\" dir=\"auto\"><span class=\"zzOoR tTJlO\">Nous sommes impatients de collaborer \u00e9troitement avec ACADEM pour organiser une \u00e9dition 2026 extraordinaire, qui stimulera, inspirera et mettra en contact les esprits les plus brillants du Royaume-Uni et de la France.<\/span><\/p>\n<\/div>","protected":false},"excerpt":{"rendered":"<p>We are thrilled to announce a new and prestigious partnership with the French Defence University (ACADEM) in support of the 2025\u20132026 edition of the Entente Cordiale Day Challenge. This collaboration marks an important milestone in our shared mission to empower the next generation of global leaders. A Partnership Rooted in Shared Values and Vision During [&hellip;]<\/p>\n","protected":false},"author":1,"featured_media":1781,"comment_status":"open","ping_status":"open","sticky":false,"template":"","format":"standard","meta":{"_acf_changed":false,"footnotes":""},"categories":[1],"tags":[],"class_list":["post-1780","post","type-post","status-publish","format-standard","has-post-thumbnail","hentry","category-uncategorized"],"acf":[],"yoast_head":"<!-- This site is optimized with the Yoast SEO plugin v27.4 - https:\/\/yoast.com\/product\/yoast-seo-wordpress\/ -->\n<title>Entente Cordiale Day Announces Strategic Partnership with the French Defence University (ACADEM) for 2026 Challenge - Entente Cordiale Day University Challenge<\/title>\n<meta name=\"robots\" content=\"index, follow, max-snippet:-1, max-image-preview:large, max-video-preview:-1\" \/>\n<link rel=\"canonical\" href=\"https:\/\/ententecordialeday.org\/fr\/2025\/07\/02\/entente-cordiale-day-announces-strategic-partnership-with-the-french-defence-university-academ-for-2026-challenge\/\" \/>\n<meta property=\"og:locale\" content=\"fr_FR\" \/>\n<meta property=\"og:type\" content=\"article\" \/>\n<meta property=\"og:title\" content=\"Entente Cordiale Day Announces Strategic Partnership with the French Defence University (ACADEM) for 2026 Challenge - Entente Cordiale Day University Challenge\" \/>\n<meta property=\"og:description\" content=\"We are thrilled to announce a new and prestigious partnership with the French Defence University (ACADEM) in support of the 2025\u20132026 edition of the Entente Cordiale Day Challenge. This collaboration marks an important milestone in our shared mission to empower the next generation of global leaders. A Partnership Rooted in Shared Values and Vision During [&hellip;]\" \/>\n<meta property=\"og:url\" content=\"https:\/\/ententecordialeday.org\/fr\/2025\/07\/02\/entente-cordiale-day-announces-strategic-partnership-with-the-french-defence-university-academ-for-2026-challenge\/\" \/>\n<meta property=\"og:site_name\" content=\"Entente Cordiale Day University Challenge\" \/>\n<meta property=\"article:published_time\" content=\"2025-07-02T11:31:23+00:00\" \/>\n<meta property=\"article:modified_time\" content=\"2025-10-03T11:33:41+00:00\" \/>\n<meta name=\"author\" content=\"dev\" \/>\n<meta name=\"twitter:card\" content=\"summary_large_image\" \/>\n<meta name=\"twitter:label1\" content=\"\u00c9crit par\" \/>\n\t<meta name=\"twitter:data1\" content=\"dev\" \/>\n\t<meta name=\"twitter:label2\" content=\"Dur\u00e9e de lecture estim\u00e9e\" \/>\n\t<meta name=\"twitter:data2\" content=\"2 minutes\" \/>\n<script type=\"application\/ld+json\" class=\"yoast-schema-graph\">{\"@context\":\"https:\\\/\\\/schema.org\",\"@graph\":[{\"@type\":\"Article\",\"@id\":\"https:\\\/\\\/ententecordialeday.org\\\/2025\\\/07\\\/02\\\/entente-cordiale-day-announces-strategic-partnership-with-the-french-defence-university-academ-for-2026-challenge\\\/#article\",\"isPartOf\":{\"@id\":\"https:\\\/\\\/ententecordialeday.org\\\/2025\\\/07\\\/02\\\/entente-cordiale-day-announces-strategic-partnership-with-the-french-defence-university-academ-for-2026-challenge\\\/\"},\"author\":{\"name\":\"dev\",\"@id\":\"https:\\\/\\\/ententecordialeday.org\\\/#\\\/schema\\\/person\\\/f404cc027262cf5efeb8ae1f95784c64\"},\"headline\":\"Entente Cordiale Day Announces Strategic Partnership with the French Defence University (ACADEM) for 2026 Challenge\",\"datePublished\":\"2025-07-02T11:31:23+00:00\",\"dateModified\":\"2025-10-03T11:33:41+00:00\",\"mainEntityOfPage\":{\"@id\":\"https:\\\/\\\/ententecordialeday.org\\\/2025\\\/07\\\/02\\\/entente-cordiale-day-announces-strategic-partnership-with-the-french-defence-university-academ-for-2026-challenge\\\/\"},\"wordCount\":434,\"commentCount\":0,\"publisher\":{\"@id\":\"https:\\\/\\\/ententecordialeday.org\\\/#organization\"},\"image\":{\"@id\":\"https:\\\/\\\/ententecordialeday.org\\\/2025\\\/07\\\/02\\\/entente-cordiale-day-announces-strategic-partnership-with-the-french-defence-university-academ-for-2026-challenge\\\/#primaryimage\"},\"thumbnailUrl\":\"https:\\\/\\\/ententecordialeday.org\\\/wp-content\\\/uploads\\\/2025\\\/10\\\/eajhdijez.avif\",\"articleSection\":[\"Uncategorized\"],\"inLanguage\":\"fr-FR\",\"potentialAction\":[{\"@type\":\"CommentAction\",\"name\":\"Comment\",\"target\":[\"https:\\\/\\\/ententecordialeday.org\\\/2025\\\/07\\\/02\\\/entente-cordiale-day-announces-strategic-partnership-with-the-french-defence-university-academ-for-2026-challenge\\\/#respond\"]}]},{\"@type\":\"WebPage\",\"@id\":\"https:\\\/\\\/ententecordialeday.org\\\/2025\\\/07\\\/02\\\/entente-cordiale-day-announces-strategic-partnership-with-the-french-defence-university-academ-for-2026-challenge\\\/\",\"url\":\"https:\\\/\\\/ententecordialeday.org\\\/2025\\\/07\\\/02\\\/entente-cordiale-day-announces-strategic-partnership-with-the-french-defence-university-academ-for-2026-challenge\\\/\",\"name\":\"Entente Cordiale Day Announces Strategic Partnership with the French Defence University (ACADEM) for 2026 Challenge - Entente Cordiale Day University Challenge\",\"isPartOf\":{\"@id\":\"https:\\\/\\\/ententecordialeday.org\\\/#website\"},\"primaryImageOfPage\":{\"@id\":\"https:\\\/\\\/ententecordialeday.org\\\/2025\\\/07\\\/02\\\/entente-cordiale-day-announces-strategic-partnership-with-the-french-defence-university-academ-for-2026-challenge\\\/#primaryimage\"},\"image\":{\"@id\":\"https:\\\/\\\/ententecordialeday.org\\\/2025\\\/07\\\/02\\\/entente-cordiale-day-announces-strategic-partnership-with-the-french-defence-university-academ-for-2026-challenge\\\/#primaryimage\"},\"thumbnailUrl\":\"https:\\\/\\\/ententecordialeday.org\\\/wp-content\\\/uploads\\\/2025\\\/10\\\/eajhdijez.avif\",\"datePublished\":\"2025-07-02T11:31:23+00:00\",\"dateModified\":\"2025-10-03T11:33:41+00:00\",\"breadcrumb\":{\"@id\":\"https:\\\/\\\/ententecordialeday.org\\\/2025\\\/07\\\/02\\\/entente-cordiale-day-announces-strategic-partnership-with-the-french-defence-university-academ-for-2026-challenge\\\/#breadcrumb\"},\"inLanguage\":\"fr-FR\",\"potentialAction\":[{\"@type\":\"ReadAction\",\"target\":[\"https:\\\/\\\/ententecordialeday.org\\\/2025\\\/07\\\/02\\\/entente-cordiale-day-announces-strategic-partnership-with-the-french-defence-university-academ-for-2026-challenge\\\/\"]}]},{\"@type\":\"ImageObject\",\"inLanguage\":\"fr-FR\",\"@id\":\"https:\\\/\\\/ententecordialeday.org\\\/2025\\\/07\\\/02\\\/entente-cordiale-day-announces-strategic-partnership-with-the-french-defence-university-academ-for-2026-challenge\\\/#primaryimage\",\"url\":\"https:\\\/\\\/ententecordialeday.org\\\/wp-content\\\/uploads\\\/2025\\\/10\\\/eajhdijez.avif\",\"contentUrl\":\"https:\\\/\\\/ententecordialeday.org\\\/wp-content\\\/uploads\\\/2025\\\/10\\\/eajhdijez.avif\",\"width\":758,\"height\":1094},{\"@type\":\"BreadcrumbList\",\"@id\":\"https:\\\/\\\/ententecordialeday.org\\\/2025\\\/07\\\/02\\\/entente-cordiale-day-announces-strategic-partnership-with-the-french-defence-university-academ-for-2026-challenge\\\/#breadcrumb\",\"itemListElement\":[{\"@type\":\"ListItem\",\"position\":1,\"name\":\"Home\",\"item\":\"https:\\\/\\\/ententecordialeday.org\\\/\"},{\"@type\":\"ListItem\",\"position\":2,\"name\":\"Entente Cordiale Day Announces Strategic Partnership with the French Defence University (ACADEM) for 2026 Challenge\"}]},{\"@type\":\"WebSite\",\"@id\":\"https:\\\/\\\/ententecordialeday.org\\\/#website\",\"url\":\"https:\\\/\\\/ententecordialeday.org\\\/\",\"name\":\"Entente Cordiale Day University Challenge\",\"description\":\"\",\"publisher\":{\"@id\":\"https:\\\/\\\/ententecordialeday.org\\\/#organization\"},\"potentialAction\":[{\"@type\":\"SearchAction\",\"target\":{\"@type\":\"EntryPoint\",\"urlTemplate\":\"https:\\\/\\\/ententecordialeday.org\\\/?s={search_term_string}\"},\"query-input\":{\"@type\":\"PropertyValueSpecification\",\"valueRequired\":true,\"valueName\":\"search_term_string\"}}],\"inLanguage\":\"fr-FR\"},{\"@type\":\"Organization\",\"@id\":\"https:\\\/\\\/ententecordialeday.org\\\/#organization\",\"name\":\"Entente Cordiale Day University Challenge\",\"url\":\"https:\\\/\\\/ententecordialeday.org\\\/\",\"logo\":{\"@type\":\"ImageObject\",\"inLanguage\":\"fr-FR\",\"@id\":\"https:\\\/\\\/ententecordialeday.org\\\/#\\\/schema\\\/logo\\\/image\\\/\",\"url\":\"https:\\\/\\\/ententecordialeday.org\\\/wp-content\\\/uploads\\\/2025\\\/09\\\/logoEDC.png\",\"contentUrl\":\"https:\\\/\\\/ententecordialeday.org\\\/wp-content\\\/uploads\\\/2025\\\/09\\\/logoEDC.png\",\"width\":1000,\"height\":1000,\"caption\":\"Entente Cordiale Day University Challenge\"},\"image\":{\"@id\":\"https:\\\/\\\/ententecordialeday.org\\\/#\\\/schema\\\/logo\\\/image\\\/\"},\"sameAs\":[\"https:\\\/\\\/www.linkedin.com\\\/company\\\/entente-cordiale-day-challeng\",\"https:\\\/\\\/www.instagram.com\\\/ententecordialechallenge\"]},{\"@type\":\"Person\",\"@id\":\"https:\\\/\\\/ententecordialeday.org\\\/#\\\/schema\\\/person\\\/f404cc027262cf5efeb8ae1f95784c64\",\"name\":\"dev\",\"image\":{\"@type\":\"ImageObject\",\"inLanguage\":\"fr-FR\",\"@id\":\"https:\\\/\\\/secure.gravatar.com\\\/avatar\\\/f1ffcac9ca2fa95ad3ec33e9be3ade82f752acb0cabe541e56c5889225afa88a?s=96&d=mm&r=g\",\"url\":\"https:\\\/\\\/secure.gravatar.com\\\/avatar\\\/f1ffcac9ca2fa95ad3ec33e9be3ade82f752acb0cabe541e56c5889225afa88a?s=96&d=mm&r=g\",\"contentUrl\":\"https:\\\/\\\/secure.gravatar.com\\\/avatar\\\/f1ffcac9ca2fa95ad3ec33e9be3ade82f752acb0cabe541e56c5889225afa88a?s=96&d=mm&r=g\",\"caption\":\"dev\"},\"sameAs\":[\"https:\\\/\\\/ententecordialeday.org\"],\"url\":\"https:\\\/\\\/ententecordialeday.org\\\/fr\\\/author\\\/dev\\\/\"}]}<\/script>\n<!-- \/ Yoast SEO plugin. -->","yoast_head_json":{"title":"Entente Cordiale Day Announces Strategic Partnership with the French Defence University (ACADEM) for 2026 Challenge - Entente Cordiale Day University Challenge","robots":{"index":"index","follow":"follow","max-snippet":"max-snippet:-1","max-image-preview":"max-image-preview:large","max-video-preview":"max-video-preview:-1"},"canonical":"https:\/\/ententecordialeday.org\/fr\/2025\/07\/02\/entente-cordiale-day-announces-strategic-partnership-with-the-french-defence-university-academ-for-2026-challenge\/","og_locale":"fr_FR","og_type":"article","og_title":"Entente Cordiale Day Announces Strategic Partnership with the French Defence University (ACADEM) for 2026 Challenge - Entente Cordiale Day University Challenge","og_description":"We are thrilled to announce a new and prestigious partnership with the French Defence University (ACADEM) in support of the 2025\u20132026 edition of the Entente Cordiale Day Challenge. This collaboration marks an important milestone in our shared mission to empower the next generation of global leaders. A Partnership Rooted in Shared Values and Vision During [&hellip;]","og_url":"https:\/\/ententecordialeday.org\/fr\/2025\/07\/02\/entente-cordiale-day-announces-strategic-partnership-with-the-french-defence-university-academ-for-2026-challenge\/","og_site_name":"Entente Cordiale Day University Challenge","article_published_time":"2025-07-02T11:31:23+00:00","article_modified_time":"2025-10-03T11:33:41+00:00","author":"dev","twitter_card":"summary_large_image","twitter_misc":{"\u00c9crit par":"dev","Dur\u00e9e de lecture estim\u00e9e":"2 minutes"},"schema":{"@context":"https:\/\/schema.org","@graph":[{"@type":"Article","@id":"https:\/\/ententecordialeday.org\/2025\/07\/02\/entente-cordiale-day-announces-strategic-partnership-with-the-french-defence-university-academ-for-2026-challenge\/#article","isPartOf":{"@id":"https:\/\/ententecordialeday.org\/2025\/07\/02\/entente-cordiale-day-announces-strategic-partnership-with-the-french-defence-university-academ-for-2026-challenge\/"},"author":{"name":"dev","@id":"https:\/\/ententecordialeday.org\/#\/schema\/person\/f404cc027262cf5efeb8ae1f95784c64"},"headline":"Entente Cordiale Day Announces Strategic Partnership with the French Defence University (ACADEM) for 2026 Challenge","datePublished":"2025-07-02T11:31:23+00:00","dateModified":"2025-10-03T11:33:41+00:00","mainEntityOfPage":{"@id":"https:\/\/ententecordialeday.org\/2025\/07\/02\/entente-cordiale-day-announces-strategic-partnership-with-the-french-defence-university-academ-for-2026-challenge\/"},"wordCount":434,"commentCount":0,"publisher":{"@id":"https:\/\/ententecordialeday.org\/#organization"},"image":{"@id":"https:\/\/ententecordialeday.org\/2025\/07\/02\/entente-cordiale-day-announces-strategic-partnership-with-the-french-defence-university-academ-for-2026-challenge\/#primaryimage"},"thumbnailUrl":"https:\/\/ententecordialeday.org\/wp-content\/uploads\/2025\/10\/eajhdijez.avif","articleSection":["Uncategorized"],"inLanguage":"fr-FR","potentialAction":[{"@type":"CommentAction","name":"Comment","target":["https:\/\/ententecordialeday.org\/2025\/07\/02\/entente-cordiale-day-announces-strategic-partnership-with-the-french-defence-university-academ-for-2026-challenge\/#respond"]}]},{"@type":"WebPage","@id":"https:\/\/ententecordialeday.org\/2025\/07\/02\/entente-cordiale-day-announces-strategic-partnership-with-the-french-defence-university-academ-for-2026-challenge\/","url":"https:\/\/ententecordialeday.org\/2025\/07\/02\/entente-cordiale-day-announces-strategic-partnership-with-the-french-defence-university-academ-for-2026-challenge\/","name":"Entente Cordiale Day Announces Strategic Partnership with the French Defence University (ACADEM) for 2026 Challenge - Entente Cordiale Day University Challenge","isPartOf":{"@id":"https:\/\/ententecordialeday.org\/#website"},"primaryImageOfPage":{"@id":"https:\/\/ententecordialeday.org\/2025\/07\/02\/entente-cordiale-day-announces-strategic-partnership-with-the-french-defence-university-academ-for-2026-challenge\/#primaryimage"},"image":{"@id":"https:\/\/ententecordialeday.org\/2025\/07\/02\/entente-cordiale-day-announces-strategic-partnership-with-the-french-defence-university-academ-for-2026-challenge\/#primaryimage"},"thumbnailUrl":"https:\/\/ententecordialeday.org\/wp-content\/uploads\/2025\/10\/eajhdijez.avif","datePublished":"2025-07-02T11:31:23+00:00","dateModified":"2025-10-03T11:33:41+00:00","breadcrumb":{"@id":"https:\/\/ententecordialeday.org\/2025\/07\/02\/entente-cordiale-day-announces-strategic-partnership-with-the-french-defence-university-academ-for-2026-challenge\/#breadcrumb"},"inLanguage":"fr-FR","potentialAction":[{"@type":"ReadAction","target":["https:\/\/ententecordialeday.org\/2025\/07\/02\/entente-cordiale-day-announces-strategic-partnership-with-the-french-defence-university-academ-for-2026-challenge\/"]}]},{"@type":"ImageObject","inLanguage":"fr-FR","@id":"https:\/\/ententecordialeday.org\/2025\/07\/02\/entente-cordiale-day-announces-strategic-partnership-with-the-french-defence-university-academ-for-2026-challenge\/#primaryimage","url":"https:\/\/ententecordialeday.org\/wp-content\/uploads\/2025\/10\/eajhdijez.avif","contentUrl":"https:\/\/ententecordialeday.org\/wp-content\/uploads\/2025\/10\/eajhdijez.avif","width":758,"height":1094},{"@type":"BreadcrumbList","@id":"https:\/\/ententecordialeday.org\/2025\/07\/02\/entente-cordiale-day-announces-strategic-partnership-with-the-french-defence-university-academ-for-2026-challenge\/#breadcrumb","itemListElement":[{"@type":"ListItem","position":1,"name":"Home","item":"https:\/\/ententecordialeday.org\/"},{"@type":"ListItem","position":2,"name":"Entente Cordiale Day Announces Strategic Partnership with the French Defence University (ACADEM) for 2026 Challenge"}]},{"@type":"WebSite","@id":"https:\/\/ententecordialeday.org\/#website","url":"https:\/\/ententecordialeday.org\/","name":"Journ\u00e9e de l'Entente Cordiale D\u00e9fi universitaire","description":"","publisher":{"@id":"https:\/\/ententecordialeday.org\/#organization"},"potentialAction":[{"@type":"SearchAction","target":{"@type":"EntryPoint","urlTemplate":"https:\/\/ententecordialeday.org\/?s={search_term_string}"},"query-input":{"@type":"PropertyValueSpecification","valueRequired":true,"valueName":"search_term_string"}}],"inLanguage":"fr-FR"},{"@type":"Organization","@id":"https:\/\/ententecordialeday.org\/#organization","name":"Journ\u00e9e de l'Entente Cordiale D\u00e9fi universitaire","url":"https:\/\/ententecordialeday.org\/","logo":{"@type":"ImageObject","inLanguage":"fr-FR","@id":"https:\/\/ententecordialeday.org\/#\/schema\/logo\/image\/","url":"https:\/\/ententecordialeday.org\/wp-content\/uploads\/2025\/09\/logoEDC.png","contentUrl":"https:\/\/ententecordialeday.org\/wp-content\/uploads\/2025\/09\/logoEDC.png","width":1000,"height":1000,"caption":"Entente Cordiale Day University Challenge"},"image":{"@id":"https:\/\/ententecordialeday.org\/#\/schema\/logo\/image\/"},"sameAs":["https:\/\/www.linkedin.com\/company\/entente-cordiale-day-challeng","https:\/\/www.instagram.com\/ententecordialechallenge"]},{"@type":"Person","@id":"https:\/\/ententecordialeday.org\/#\/schema\/person\/f404cc027262cf5efeb8ae1f95784c64","name":"dev","image":{"@type":"ImageObject","inLanguage":"fr-FR","@id":"https:\/\/secure.gravatar.com\/avatar\/f1ffcac9ca2fa95ad3ec33e9be3ade82f752acb0cabe541e56c5889225afa88a?s=96&d=mm&r=g","url":"https:\/\/secure.gravatar.com\/avatar\/f1ffcac9ca2fa95ad3ec33e9be3ade82f752acb0cabe541e56c5889225afa88a?s=96&d=mm&r=g","contentUrl":"https:\/\/secure.gravatar.com\/avatar\/f1ffcac9ca2fa95ad3ec33e9be3ade82f752acb0cabe541e56c5889225afa88a?s=96&d=mm&r=g","caption":"dev"},"sameAs":["https:\/\/ententecordialeday.org"],"url":"https:\/\/ententecordialeday.org\/fr\/author\/dev\/"}]}},"_links":{"self":[{"href":"https:\/\/ententecordialeday.org\/fr\/wp-json\/wp\/v2\/posts\/1780","targetHints":{"allow":["GET"]}}],"collection":[{"href":"https:\/\/ententecordialeday.org\/fr\/wp-json\/wp\/v2\/posts"}],"about":[{"href":"https:\/\/ententecordialeday.org\/fr\/wp-json\/wp\/v2\/types\/post"}],"author":[{"embeddable":true,"href":"https:\/\/ententecordialeday.org\/fr\/wp-json\/wp\/v2\/users\/1"}],"replies":[{"embeddable":true,"href":"https:\/\/ententecordialeday.org\/fr\/wp-json\/wp\/v2\/comments?post=1780"}],"version-history":[{"count":1,"href":"https:\/\/ententecordialeday.org\/fr\/wp-json\/wp\/v2\/posts\/1780\/revisions"}],"predecessor-version":[{"id":1782,"href":"https:\/\/ententecordialeday.org\/fr\/wp-json\/wp\/v2\/posts\/1780\/revisions\/1782"}],"wp:featuredmedia":[{"embeddable":true,"href":"https:\/\/ententecordialeday.org\/fr\/wp-json\/wp\/v2\/media\/1781"}],"wp:attachment":[{"href":"https:\/\/ententecordialeday.org\/fr\/wp-json\/wp\/v2\/media?parent=1780"}],"wp:term":[{"taxonomy":"category","embeddable":true,"href":"https:\/\/ententecordialeday.org\/fr\/wp-json\/wp\/v2\/categories?post=1780"},{"taxonomy":"post_tag","embeddable":true,"href":"https:\/\/ententecordialeday.org\/fr\/wp-json\/wp\/v2\/tags?post=1780"}],"curies":[{"name":"wp","href":"https:\/\/api.w.org\/{rel}","templated":true}]}}